{"id":930,"date":"2026-04-28T20:13:40","date_gmt":"2026-04-28T20:13:40","guid":{"rendered":"https:\/\/identidadfmcolon.com.ar\/?p=930"},"modified":"2026-04-28T20:13:41","modified_gmt":"2026-04-28T20:13:41","slug":"preocupacion-en-toda-la-region-ante-el-contexto-de-ajuste-en-salud","status":"publish","type":"post","link":"https:\/\/identidadfmcolon.com.ar\/index.php\/2026\/04\/28\/preocupacion-en-toda-la-region-ante-el-contexto-de-ajuste-en-salud\/","title":{"rendered":"PREOCUPACI\u00d3N EN TODA LA REGI\u00d3N ANTE EL CONTEXTO DE AJUSTE EN SALUD"},"content":{"rendered":"\n<h2 class=\"wp-block-heading\"><strong>Se llev\u00f3 a cabo un nuevo encuentro del Consejo Regional de Salud en Col\u00f3n<\/strong><\/h2>\n\n\n\n<p>En una jornada marcada por el an\u00e1lisis de la coyuntura sanitaria actual, el <strong>Polo Cultural de Col\u00f3n<\/strong> fue sede de una nueva reuni\u00f3n del <strong>Consejo Regional de Salud (CORESA)<\/strong>. El encuentro cont\u00f3 con la presencia de autoridades de la Regi\u00f3n Sanitaria IV y representantes de diversos distritos de la zona, con el objetivo de coordinar estrategias frente a los desaf\u00edos del sector.<\/p>\n\n\n\n<h3 class=\"wp-block-heading\"><strong>Preocupaci\u00f3n por el ajuste y el programa Remediar<\/strong><\/h3>\n\n\n\n<p>La reuni\u00f3n estuvo encabezada por el intendente municipal, <strong>Waldemar Giordano<\/strong>, y la titular de la Regi\u00f3n Sanitaria IV, <strong>Lorena Damiano<\/strong>. Durante el debate, los funcionarios manifestaron una profunda preocupaci\u00f3n ante las medidas de ajuste impulsadas por el Gobierno nacional.<\/p>\n\n\n\n<p>Seg\u00fan se inform\u00f3, el recorte presupuestario est\u00e1 afectando de forma directa el funcionamiento de los sistemas sanitarios locales. Uno de los puntos m\u00e1s cr\u00edticos se\u00f1alados fue la discontinuidad del <strong>programa Remediar<\/strong>:<\/p>\n\n\n\n<figure class=\"wp-block-image size-large is-resized\"><img loading=\"lazy\" decoding=\"async\" width=\"1024\" height=\"682\" src=\"https:\/\/identidadfmcolon.com.ar\/wp-content\/uploads\/2026\/04\/salud-2-1024x682.jpg\" alt=\"\" class=\"wp-image-932\" style=\"width:433px;height:auto\" srcset=\"https:\/\/identidadfmcolon.com.ar\/wp-content\/uploads\/2026\/04\/salud-2-1024x682.jpg 1024w, https:\/\/identidadfmcolon.com.ar\/wp-content\/uploads\/2026\/04\/salud-2-300x200.jpg 300w, https:\/\/identidadfmcolon.com.ar\/wp-content\/uploads\/2026\/04\/salud-2-768x512.jpg 768w, https:\/\/identidadfmcolon.com.ar\/wp-content\/uploads\/2026\/04\/salud-2-1536x1023.jpg 1536w, https:\/\/identidadfmcolon.com.ar\/wp-content\/uploads\/2026\/04\/salud-2.jpg 1600w\" sizes=\"auto, (max-width: 1024px) 100vw, 1024px\" \/><\/figure>\n\n\n\n<blockquote class=\"wp-block-quote is-layout-flow wp-block-quote-is-layout-flow\">\n<p><em>&#8220;Se trata de una pol\u00edtica p\u00fablica con m\u00e1s de 20 a\u00f1os de vigencia que garantizaba medicamentos esenciales. Su ausencia profundiza las desigualdades y pone en riesgo el acceso b\u00e1sico a la salud para miles de vecinos&#8221;<\/em>, destacaron las autoridades.<\/p>\n<\/blockquote>\n\n\n\n<hr class=\"wp-block-separator has-alpha-channel-opacity\"\/>\n\n\n\n<h3 class=\"wp-block-heading\"><strong>Agenda de trabajo: Guardias, anestesistas y rotaci\u00f3n profesional<\/strong><\/h3>\n\n\n\n<p>M\u00e1s all\u00e1 del contexto nacional, la jornada sirvi\u00f3 para abordar problem\u00e1ticas operativas que afectan a los hospitales municipales de la regi\u00f3n. Los ejes centrales del di\u00e1logo t\u00e9cnico incluyeron:<\/p>\n\n\n\n<ul class=\"wp-block-list\">\n<li><strong>Cobertura de guardias m\u00e9dicas:<\/strong> Optimizaci\u00f3n de recursos humanos en \u00e1reas cr\u00edticas.<\/li>\n\n\n\n<li><strong>D\u00e9ficit de anestesistas:<\/strong> Se analiz\u00f3 c\u00f3mo la falta de estos especialistas condiciona las cirug\u00edas programadas en los nosocomios locales.<\/li>\n\n\n\n<li><strong>Rotaci\u00f3n de profesionales:<\/strong> La propuesta de promover el intercambio de especialistas entre distritos para cubrir baches prestacionales.<\/li>\n<\/ul>\n\n\n\n<h3 class=\"wp-block-heading\"><strong>Compromiso regional<\/strong><\/h3>\n\n\n\n<p>Al cierre de la actividad, los representantes reafirmaron su compromiso de mantener una <strong>labor articulada<\/strong>. El consenso general gir\u00f3 en torno a la defensa de un sistema de salud p\u00fablico que sea <strong>accesible y de calidad<\/strong>, sosteniendo la cooperaci\u00f3n entre municipios como herramienta fundamental para garantizar el derecho a la salud en toda la regi\u00f3n.<\/p>\n","protected":false},"excerpt":{"rendered":"<p>Se llev\u00f3 a cabo un nuevo encuentro del Consejo Regional de Salud en Col\u00f3n En una jornada marcada por el an\u00e1lisis de la coyuntura sanitaria actual, el Polo Cultural de Col\u00f3n fue sede de una nueva reuni\u00f3n del Consejo Regional de Salud (CORESA). El encuentro cont\u00f3 con la presencia de autoridades de la Regi\u00f3n Sanitaria [&hellip;]<\/p>\n","protected":false},"author":2,"featured_media":931,"comment_status":"open","ping_status":"open","sticky":false,"template":"","format":"standard","meta":{"footnotes":""},"categories":[3],"tags":[],"class_list":["post-930","post","type-post","status-publish","format-standard","has-post-thumbnail","hentry","category-locales"],"views":9,"_links":{"self":[{"href":"https:\/\/identidadfmcolon.com.ar\/index.php\/wp-json\/wp\/v2\/posts\/930","targetHints":{"allow":["GET"]}}],"collection":[{"href":"https:\/\/identidadfmcolon.com.ar\/index.php\/wp-json\/wp\/v2\/posts"}],"about":[{"href":"https:\/\/identidadfmcolon.com.ar\/index.php\/wp-json\/wp\/v2\/types\/post"}],"author":[{"embeddable":true,"href":"https:\/\/identidadfmcolon.com.ar\/index.php\/wp-json\/wp\/v2\/users\/2"}],"replies":[{"embeddable":true,"href":"https:\/\/identidadfmcolon.com.ar\/index.php\/wp-json\/wp\/v2\/comments?post=930"}],"version-history":[{"count":1,"href":"https:\/\/identidadfmcolon.com.ar\/index.php\/wp-json\/wp\/v2\/posts\/930\/revisions"}],"predecessor-version":[{"id":933,"href":"https:\/\/identidadfmcolon.com.ar\/index.php\/wp-json\/wp\/v2\/posts\/930\/revisions\/933"}],"wp:featuredmedia":[{"embeddable":true,"href":"https:\/\/identidadfmcolon.com.ar\/index.php\/wp-json\/wp\/v2\/media\/931"}],"wp:attachment":[{"href":"https:\/\/identidadfmcolon.com.ar\/index.php\/wp-json\/wp\/v2\/media?parent=930"}],"wp:term":[{"taxonomy":"category","embeddable":true,"href":"https:\/\/identidadfmcolon.com.ar\/index.php\/wp-json\/wp\/v2\/categories?post=930"},{"taxonomy":"post_tag","embeddable":true,"href":"https:\/\/identidadfmcolon.com.ar\/index.php\/wp-json\/wp\/v2\/tags?post=930"}],"curies":[{"name":"wp","href":"https:\/\/api.w.org\/{rel}","templated":true}]}}