{"id":938,"date":"2026-04-28T23:24:25","date_gmt":"2026-04-28T23:24:25","guid":{"rendered":"https:\/\/identidadfmcolon.com.ar\/?p=938"},"modified":"2026-04-28T23:24:27","modified_gmt":"2026-04-28T23:24:27","slug":"futbol-femenino","status":"publish","type":"post","link":"https:\/\/identidadfmcolon.com.ar\/index.php\/2026\/04\/28\/futbol-femenino\/","title":{"rendered":"FUTBOL FEMENINO"},"content":{"rendered":"\n<p>Arranc\u00f3 la fecha N\u00b01 del Torneo de F\u00fatbol Femenino en Pergamino y los equipos de Col\u00f3n debutaron con dos triunfos el domingo.<\/p>\n\n\n\n<p>Porte\u00f1o gole\u00f3 7 a 0 a Otero. Los goles de El Celeste fueron de Lourdes G\u00f3mez, Luc\u00eda Balazone, Nazarena Hermosi y Naira Olivera. Gran arranque para las chicas de Porte\u00f1o.<\/p>\n\n\n\n<p>Racing Club tambi\u00e9n sum\u00f3 de a tres: las Acad\u00e9micas le ganaron 2 a 0 a Juventud de Rojas doblete de Guadalupe Almada.<\/p>\n\n\n\n<p>Dos victorias colonenses para empezar el torneo integrado con el pie derecho .<\/p>\n\n\n\n<p><\/p>\n","protected":false},"excerpt":{"rendered":"<p>Arranc\u00f3 la fecha N\u00b01 del Torneo de F\u00fatbol Femenino en Pergamino y los equipos de Col\u00f3n debutaron con dos triunfos el domingo. Porte\u00f1o gole\u00f3 7 a 0 a Otero. Los goles de El Celeste fueron de Lourdes G\u00f3mez, Luc\u00eda Balazone, Nazarena Hermosi y Naira Olivera. Gran arranque para las chicas de Porte\u00f1o. Racing Club tambi\u00e9n [&hellip;]<\/p>\n","protected":false},"author":2,"featured_media":940,"comment_status":"open","ping_status":"open","sticky":false,"template":"","format":"standard","meta":{"footnotes":""},"categories":[4],"tags":[],"class_list":["post-938","post","type-post","status-publish","format-standard","has-post-thumbnail","hentry","category-iddeportiva"],"views":0,"_links":{"self":[{"href":"https:\/\/identidadfmcolon.com.ar\/index.php\/wp-json\/wp\/v2\/posts\/938","targetHints":{"allow":["GET"]}}],"collection":[{"href":"https:\/\/identidadfmcolon.com.ar\/index.php\/wp-json\/wp\/v2\/posts"}],"about":[{"href":"https:\/\/identidadfmcolon.com.ar\/index.php\/wp-json\/wp\/v2\/types\/post"}],"author":[{"embeddable":true,"href":"https:\/\/identidadfmcolon.com.ar\/index.php\/wp-json\/wp\/v2\/users\/2"}],"replies":[{"embeddable":true,"href":"https:\/\/identidadfmcolon.com.ar\/index.php\/wp-json\/wp\/v2\/comments?post=938"}],"version-history":[{"count":1,"href":"https:\/\/identidadfmcolon.com.ar\/index.php\/wp-json\/wp\/v2\/posts\/938\/revisions"}],"predecessor-version":[{"id":941,"href":"https:\/\/identidadfmcolon.com.ar\/index.php\/wp-json\/wp\/v2\/posts\/938\/revisions\/941"}],"wp:featuredmedia":[{"embeddable":true,"href":"https:\/\/identidadfmcolon.com.ar\/index.php\/wp-json\/wp\/v2\/media\/940"}],"wp:attachment":[{"href":"https:\/\/identidadfmcolon.com.ar\/index.php\/wp-json\/wp\/v2\/media?parent=938"}],"wp:term":[{"taxonomy":"category","embeddable":true,"href":"https:\/\/identidadfmcolon.com.ar\/index.php\/wp-json\/wp\/v2\/categories?post=938"},{"taxonomy":"post_tag","embeddable":true,"href":"https:\/\/identidadfmcolon.com.ar\/index.php\/wp-json\/wp\/v2\/tags?post=938"}],"curies":[{"name":"wp","href":"https:\/\/api.w.org\/{rel}","templated":true}]}}