{"id":946,"date":"2026-04-28T23:53:07","date_gmt":"2026-04-28T23:53:07","guid":{"rendered":"https:\/\/identidadfmcolon.com.ar\/?p=946"},"modified":"2026-04-28T23:53:08","modified_gmt":"2026-04-28T23:53:08","slug":"representantes-de-colon-participaron-del-lanzamiento-de-la-escuela-de-formacion-de-la-libertad-avanza","status":"publish","type":"post","link":"https:\/\/identidadfmcolon.com.ar\/index.php\/2026\/04\/28\/representantes-de-colon-participaron-del-lanzamiento-de-la-escuela-de-formacion-de-la-libertad-avanza\/","title":{"rendered":"REPRESENTANTES DE COL\u00d3N PARTICIPARON DEL LANZAMIENTO DE LA ESCUELA DE FORMACI\u00d3N DE LA LIBERTAD AVANZA"},"content":{"rendered":"\n<p>Concejales y referentes de La Libertad Avanza de la ciudad de Col\u00f3n formaron parte de una importante jornada pol\u00edtica desarrollada en la localidad de Suipacha, que reuni\u00f3 a dirigentes bonaerenses del espacio.<\/p>\n\n\n\n<p>En representaci\u00f3n del distrito estuvieron presentes los concejales Letizia Di Mar\u00eda y Marcelo Montagna, junto al referente de la juventud, Thiago Frigerio, quienes participaron del encuentro que convoc\u00f3 a m\u00e1s de 1.500 militantes y dirigentes.<\/p>\n\n\n\n<figure class=\"wp-block-image size-large is-resized\"><img loading=\"lazy\" decoding=\"async\" width=\"819\" height=\"1024\" src=\"https:\/\/identidadfmcolon.com.ar\/wp-content\/uploads\/2026\/04\/02473noticias_3885580504913451833_2026-04-28-819x1024.jpeg\" alt=\"\" class=\"wp-image-947\" style=\"width:324px;height:auto\" srcset=\"https:\/\/identidadfmcolon.com.ar\/wp-content\/uploads\/2026\/04\/02473noticias_3885580504913451833_2026-04-28-819x1024.jpeg 819w, https:\/\/identidadfmcolon.com.ar\/wp-content\/uploads\/2026\/04\/02473noticias_3885580504913451833_2026-04-28-240x300.jpeg 240w, https:\/\/identidadfmcolon.com.ar\/wp-content\/uploads\/2026\/04\/02473noticias_3885580504913451833_2026-04-28-768x960.jpeg 768w, https:\/\/identidadfmcolon.com.ar\/wp-content\/uploads\/2026\/04\/02473noticias_3885580504913451833_2026-04-28.jpeg 854w\" sizes=\"auto, (max-width: 819px) 100vw, 819px\" \/><\/figure>\n\n\n\n<p>La actividad se desarroll\u00f3 en el marco del lanzamiento del programa 2026 de la Escuela de Formaci\u00f3n, Debate y An\u00e1lisis Pol\u00edtico (EFDAP), una iniciativa orientada a fortalecer la estructura territorial del partido a trav\u00e9s de capacitaciones en estrategia, comunicaci\u00f3n y organizaci\u00f3n pol\u00edtica.<br>El cierre del encuentro estuvo a cargo de la secretaria general de la Presidencia, Karina Milei; el titular de La Libertad Avanza en la provincia, Sebasti\u00e1n Pareja; y el ministro del Interior, Diego Santilli. Todas las intervenciones estuvieron atravesadas por el dise\u00f1o de la estrategia pol\u00edtica, la comunicaci\u00f3n y la organizaci\u00f3n territorial, junto con la presentaci\u00f3n de equipos t\u00e9cnicos y programas de formaci\u00f3n municipal.<\/p>\n\n\n\n<figure class=\"wp-block-image size-large is-resized\"><img loading=\"lazy\" decoding=\"async\" width=\"819\" height=\"1024\" src=\"https:\/\/identidadfmcolon.com.ar\/wp-content\/uploads\/2026\/04\/02473noticias_3885580504905081616_2026-04-28-819x1024.jpeg\" alt=\"\" class=\"wp-image-948\" style=\"aspect-ratio:0.7998200918816462;width:332px;height:auto\" srcset=\"https:\/\/identidadfmcolon.com.ar\/wp-content\/uploads\/2026\/04\/02473noticias_3885580504905081616_2026-04-28-819x1024.jpeg 819w, https:\/\/identidadfmcolon.com.ar\/wp-content\/uploads\/2026\/04\/02473noticias_3885580504905081616_2026-04-28-240x300.jpeg 240w, https:\/\/identidadfmcolon.com.ar\/wp-content\/uploads\/2026\/04\/02473noticias_3885580504905081616_2026-04-28-768x960.jpeg 768w, https:\/\/identidadfmcolon.com.ar\/wp-content\/uploads\/2026\/04\/02473noticias_3885580504905081616_2026-04-28.jpeg 854w\" sizes=\"auto, (max-width: 819px) 100vw, 819px\" \/><\/figure>\n\n\n\n<p>Durante su intervenci\u00f3n, Karina Milei resalt\u00f3 la importancia de seguir consolidando la presencia partidaria en cada distrito bonaerense y convoc\u00f3 a la dirigencia a profundizar el trabajo territorial de cara a los pr\u00f3ximos desaf\u00edos electorales. En la misma l\u00ednea, Sebasti\u00e1n Pareja remarc\u00f3 que el espacio viene avanzando en un plan estrat\u00e9gico para fortalecer la presencia libertaria en la provincia, mientras que Diego Santilli llam\u00f3 a la unidad para impulsar una transformaci\u00f3n pol\u00edtica en territorio bonaerense.<\/p>\n\n\n\n<p>Los referentes de Col\u00f3n destacaron la importancia de estos encuentros para generar v\u00ednculos con dirigentes de toda la provincia y reafirmaron su compromiso de trasladar lo trabajado a nivel local.<\/p>\n","protected":false},"excerpt":{"rendered":"<p>Concejales y referentes de La Libertad Avanza de la ciudad de Col\u00f3n formaron parte de una importante jornada pol\u00edtica desarrollada en la localidad de Suipacha, que reuni\u00f3 a dirigentes bonaerenses del espacio. En representaci\u00f3n del distrito estuvieron presentes los concejales Letizia Di Mar\u00eda y Marcelo Montagna, junto al referente de la juventud, Thiago Frigerio, quienes [&hellip;]<\/p>\n","protected":false},"author":2,"featured_media":949,"comment_status":"open","ping_status":"open","sticky":false,"template":"","format":"standard","meta":{"footnotes":""},"categories":[3],"tags":[],"class_list":["post-946","post","type-post","status-publish","format-standard","has-post-thumbnail","hentry","category-locales"],"views":2,"_links":{"self":[{"href":"https:\/\/identidadfmcolon.com.ar\/index.php\/wp-json\/wp\/v2\/posts\/946","targetHints":{"allow":["GET"]}}],"collection":[{"href":"https:\/\/identidadfmcolon.com.ar\/index.php\/wp-json\/wp\/v2\/posts"}],"about":[{"href":"https:\/\/identidadfmcolon.com.ar\/index.php\/wp-json\/wp\/v2\/types\/post"}],"author":[{"embeddable":true,"href":"https:\/\/identidadfmcolon.com.ar\/index.php\/wp-json\/wp\/v2\/users\/2"}],"replies":[{"embeddable":true,"href":"https:\/\/identidadfmcolon.com.ar\/index.php\/wp-json\/wp\/v2\/comments?post=946"}],"version-history":[{"count":1,"href":"https:\/\/identidadfmcolon.com.ar\/index.php\/wp-json\/wp\/v2\/posts\/946\/revisions"}],"predecessor-version":[{"id":950,"href":"https:\/\/identidadfmcolon.com.ar\/index.php\/wp-json\/wp\/v2\/posts\/946\/revisions\/950"}],"wp:featuredmedia":[{"embeddable":true,"href":"https:\/\/identidadfmcolon.com.ar\/index.php\/wp-json\/wp\/v2\/media\/949"}],"wp:attachment":[{"href":"https:\/\/identidadfmcolon.com.ar\/index.php\/wp-json\/wp\/v2\/media?parent=946"}],"wp:term":[{"taxonomy":"category","embeddable":true,"href":"https:\/\/identidadfmcolon.com.ar\/index.php\/wp-json\/wp\/v2\/categories?post=946"},{"taxonomy":"post_tag","embeddable":true,"href":"https:\/\/identidadfmcolon.com.ar\/index.php\/wp-json\/wp\/v2\/tags?post=946"}],"curies":[{"name":"wp","href":"https:\/\/api.w.org\/{rel}","templated":true}]}}