{"id":952,"date":"2026-04-29T18:16:42","date_gmt":"2026-04-29T18:16:42","guid":{"rendered":"https:\/\/identidadfmcolon.com.ar\/?p=952"},"modified":"2026-04-29T18:17:45","modified_gmt":"2026-04-29T18:17:45","slug":"manu-convocado","status":"publish","type":"post","link":"https:\/\/identidadfmcolon.com.ar\/index.php\/2026\/04\/29\/manu-convocado\/","title":{"rendered":"MANU CONVOCADO"},"content":{"rendered":"\n<p>Gran noticia para la ciudad de Col\u00f3n: Manu Piccini, integrante de Kamikazes, fue convocado nuevamente para el Intercentro 2026.<\/p>\n\n\n\n<p>El 1\u00b0 de mayo, a partir de las 10:30, los jugadores se reunir\u00e1n en el Club Los Indios de Bol\u00edvar para preparar los partidos del certamen.<\/p>\n\n\n\n<p>Recordemos que Manu ya fue seleccionado el a\u00f1o pasado para ser parte del selectivo de la UROBA, y este a\u00f1o vuelve a tener su chance representando a la Regi\u00f3n Oeste.<\/p>\n\n\n\n<figure class=\"wp-block-image size-large is-resized\"><img loading=\"lazy\" decoding=\"async\" width=\"819\" height=\"1024\" src=\"https:\/\/identidadfmcolon.com.ar\/wp-content\/uploads\/2026\/04\/rugby-819x1024.jpg\" alt=\"\" class=\"wp-image-954\" style=\"aspect-ratio:0.7998134763348099;width:421px;height:auto\" srcset=\"https:\/\/identidadfmcolon.com.ar\/wp-content\/uploads\/2026\/04\/rugby-819x1024.jpg 819w, https:\/\/identidadfmcolon.com.ar\/wp-content\/uploads\/2026\/04\/rugby-240x300.jpg 240w, https:\/\/identidadfmcolon.com.ar\/wp-content\/uploads\/2026\/04\/rugby-768x961.jpg 768w, https:\/\/identidadfmcolon.com.ar\/wp-content\/uploads\/2026\/04\/rugby-1228x1536.jpg 1228w, https:\/\/identidadfmcolon.com.ar\/wp-content\/uploads\/2026\/04\/rugby.jpg 1440w\" sizes=\"auto, (max-width: 819px) 100vw, 819px\" \/><\/figure>\n\n\n\n<p>Otro paso importante en la carrera de este joven colonense que sigue dejando bien alto al rugby de nuestra ciudad.<\/p>\n","protected":false},"excerpt":{"rendered":"<p>Gran noticia para la ciudad de Col\u00f3n: Manu Piccini, integrante de Kamikazes, fue convocado nuevamente para el Intercentro 2026. El 1\u00b0 de mayo, a partir de las 10:30, los jugadores se reunir\u00e1n en el Club Los Indios de Bol\u00edvar para preparar los partidos del certamen. Recordemos que Manu ya fue seleccionado el a\u00f1o pasado para [&hellip;]<\/p>\n","protected":false},"author":2,"featured_media":953,"comment_status":"open","ping_status":"open","sticky":false,"template":"","format":"standard","meta":{"footnotes":""},"categories":[4],"tags":[],"class_list":["post-952","post","type-post","status-publish","format-standard","has-post-thumbnail","hentry","category-iddeportiva"],"views":0,"_links":{"self":[{"href":"https:\/\/identidadfmcolon.com.ar\/index.php\/wp-json\/wp\/v2\/posts\/952","targetHints":{"allow":["GET"]}}],"collection":[{"href":"https:\/\/identidadfmcolon.com.ar\/index.php\/wp-json\/wp\/v2\/posts"}],"about":[{"href":"https:\/\/identidadfmcolon.com.ar\/index.php\/wp-json\/wp\/v2\/types\/post"}],"author":[{"embeddable":true,"href":"https:\/\/identidadfmcolon.com.ar\/index.php\/wp-json\/wp\/v2\/users\/2"}],"replies":[{"embeddable":true,"href":"https:\/\/identidadfmcolon.com.ar\/index.php\/wp-json\/wp\/v2\/comments?post=952"}],"version-history":[{"count":1,"href":"https:\/\/identidadfmcolon.com.ar\/index.php\/wp-json\/wp\/v2\/posts\/952\/revisions"}],"predecessor-version":[{"id":955,"href":"https:\/\/identidadfmcolon.com.ar\/index.php\/wp-json\/wp\/v2\/posts\/952\/revisions\/955"}],"wp:featuredmedia":[{"embeddable":true,"href":"https:\/\/identidadfmcolon.com.ar\/index.php\/wp-json\/wp\/v2\/media\/953"}],"wp:attachment":[{"href":"https:\/\/identidadfmcolon.com.ar\/index.php\/wp-json\/wp\/v2\/media?parent=952"}],"wp:term":[{"taxonomy":"category","embeddable":true,"href":"https:\/\/identidadfmcolon.com.ar\/index.php\/wp-json\/wp\/v2\/categories?post=952"},{"taxonomy":"post_tag","embeddable":true,"href":"https:\/\/identidadfmcolon.com.ar\/index.php\/wp-json\/wp\/v2\/tags?post=952"}],"curies":[{"name":"wp","href":"https:\/\/api.w.org\/{rel}","templated":true}]}}