{"id":956,"date":"2026-04-29T18:22:26","date_gmt":"2026-04-29T18:22:26","guid":{"rendered":"https:\/\/identidadfmcolon.com.ar\/?p=956"},"modified":"2026-04-29T18:22:29","modified_gmt":"2026-04-29T18:22:29","slug":"voley-convocatorias-colonenses","status":"publish","type":"post","link":"https:\/\/identidadfmcolon.com.ar\/index.php\/2026\/04\/29\/voley-convocatorias-colonenses\/","title":{"rendered":"VOLEY CONVOCATORIAS COLONENSES"},"content":{"rendered":"\n<p>Se viene el \u00faltimo paso de la convocatoria de la preselecci\u00f3n Sub-18. Los d\u00edas 1 y 2 de mayo ser\u00e1 en el Club Argentino de Pergamino, donde la colonense Victoria Rius tendr\u00e1 la oportunidad de seguir demostrando su potencial.<\/p>\n\n\n\n<p>Victoria queda a solo un paso de ser parte del seleccionado Sub-18. Estaremos expectantes a ver qu\u00e9 sucede con esta jugadora que viene dejando todo para vestir la camiseta provincial.<\/p>\n\n\n\n<p>Mientras tanto, otra gran noticia para el deporte colonense: Augusta Caro, de la categor\u00eda Sub-14 quien forma parte del club Junin , tendr\u00e1 la oportunidad de participar de una instancia de evaluaci\u00f3n para la Selecci\u00f3n Bonaerense. Esto tambi\u00e9n ser\u00e1 el 1\u00b0 de mayo en el Club Argentino de Pergamino.<\/p>\n\n\n\n<figure class=\"wp-block-image size-large is-resized\"><img loading=\"lazy\" decoding=\"async\" width=\"820\" height=\"1024\" src=\"https:\/\/identidadfmcolon.com.ar\/wp-content\/uploads\/2026\/04\/voley-820x1024.jpg\" alt=\"\" class=\"wp-image-958\" style=\"aspect-ratio:0.8008035586167312;width:366px;height:auto\" srcset=\"https:\/\/identidadfmcolon.com.ar\/wp-content\/uploads\/2026\/04\/voley-820x1024.jpg 820w, https:\/\/identidadfmcolon.com.ar\/wp-content\/uploads\/2026\/04\/voley-240x300.jpg 240w, https:\/\/identidadfmcolon.com.ar\/wp-content\/uploads\/2026\/04\/voley-768x959.jpg 768w, https:\/\/identidadfmcolon.com.ar\/wp-content\/uploads\/2026\/04\/voley-1229x1536.jpg 1229w, https:\/\/identidadfmcolon.com.ar\/wp-content\/uploads\/2026\/04\/voley.jpg 1440w\" sizes=\"auto, (max-width: 820px) 100vw, 820px\" \/><\/figure>\n\n\n\n<p>Dos colonenses representando a la ciudad en instancias decisivas.<\/p>\n\n\n\n<p><\/p>\n","protected":false},"excerpt":{"rendered":"<p>Se viene el \u00faltimo paso de la convocatoria de la preselecci\u00f3n Sub-18. Los d\u00edas 1 y 2 de mayo ser\u00e1 en el Club Argentino de Pergamino, donde la colonense Victoria Rius tendr\u00e1 la oportunidad de seguir demostrando su potencial. Victoria queda a solo un paso de ser parte del seleccionado Sub-18. Estaremos expectantes a ver [&hellip;]<\/p>\n","protected":false},"author":2,"featured_media":957,"comment_status":"open","ping_status":"open","sticky":false,"template":"","format":"standard","meta":{"footnotes":""},"categories":[4],"tags":[],"class_list":["post-956","post","type-post","status-publish","format-standard","has-post-thumbnail","hentry","category-iddeportiva"],"views":0,"_links":{"self":[{"href":"https:\/\/identidadfmcolon.com.ar\/index.php\/wp-json\/wp\/v2\/posts\/956","targetHints":{"allow":["GET"]}}],"collection":[{"href":"https:\/\/identidadfmcolon.com.ar\/index.php\/wp-json\/wp\/v2\/posts"}],"about":[{"href":"https:\/\/identidadfmcolon.com.ar\/index.php\/wp-json\/wp\/v2\/types\/post"}],"author":[{"embeddable":true,"href":"https:\/\/identidadfmcolon.com.ar\/index.php\/wp-json\/wp\/v2\/users\/2"}],"replies":[{"embeddable":true,"href":"https:\/\/identidadfmcolon.com.ar\/index.php\/wp-json\/wp\/v2\/comments?post=956"}],"version-history":[{"count":1,"href":"https:\/\/identidadfmcolon.com.ar\/index.php\/wp-json\/wp\/v2\/posts\/956\/revisions"}],"predecessor-version":[{"id":959,"href":"https:\/\/identidadfmcolon.com.ar\/index.php\/wp-json\/wp\/v2\/posts\/956\/revisions\/959"}],"wp:featuredmedia":[{"embeddable":true,"href":"https:\/\/identidadfmcolon.com.ar\/index.php\/wp-json\/wp\/v2\/media\/957"}],"wp:attachment":[{"href":"https:\/\/identidadfmcolon.com.ar\/index.php\/wp-json\/wp\/v2\/media?parent=956"}],"wp:term":[{"taxonomy":"category","embeddable":true,"href":"https:\/\/identidadfmcolon.com.ar\/index.php\/wp-json\/wp\/v2\/categories?post=956"},{"taxonomy":"post_tag","embeddable":true,"href":"https:\/\/identidadfmcolon.com.ar\/index.php\/wp-json\/wp\/v2\/tags?post=956"}],"curies":[{"name":"wp","href":"https:\/\/api.w.org\/{rel}","templated":true}]}}