{"id":960,"date":"2026-04-30T00:14:01","date_gmt":"2026-04-30T00:14:01","guid":{"rendered":"https:\/\/identidadfmcolon.com.ar\/?p=960"},"modified":"2026-04-30T00:14:02","modified_gmt":"2026-04-30T00:14:02","slug":"manuel-adorni-descarta-renunciar-por-el-contrario-estoy-aca-dando-la-cara","status":"publish","type":"post","link":"https:\/\/identidadfmcolon.com.ar\/index.php\/2026\/04\/30\/manuel-adorni-descarta-renunciar-por-el-contrario-estoy-aca-dando-la-cara\/","title":{"rendered":"MANUEL ADORNI DESCARTA RENUNCIAR: &#8220;POR EL CONTRARIO, ESTOY AC\u00c1 DANDO LA CARA&#8221;"},"content":{"rendered":"\n<p>El jefe de Gabinete,&nbsp;<strong>Manuel Adorni<\/strong>, rechaz\u00f3 la posibilidad de presentar la renuncia a su cargo y se\u00f1al\u00f3: \u201cPor el contrario estoy ac\u00e1 dando la cara\u201d.<\/p>\n\n\n\n<p>Ante el pedido de renuncia del diputado opositor&nbsp;<strong>Pablo Juliano&nbsp;<\/strong>de Provincias Unidas, Adorni ratific\u00f3 que continuar\u00e1 en su cargo como jefe de Gabinete de Ministros.<\/p>\n\n\n\n<p>\u201c<strong>Respecto a la pregunta acerca de si voy a presentar la renuncia o si voy a continuar como jefe de Gabinete, quiero dejarles en claro que no. Por el contrario, estoy ac\u00e1 dando la cara<\/strong>\u201d, asegur\u00f3 el funcionario.<\/p>\n\n\n\n<p>Al responder el segundo tramo de preguntas, Adorni dijo que \u201cel Presidente me confi\u00f3 el honor y responsabilidad de coordinar el Gabinete m\u00e1s reformista de la historia, es para m\u00ed un orgullo estar adelante de esta tarea\u201d, <\/p>\n\n\n\n<p>Juliano le disparo a Adorni que \u201cencarna una nueva defraudaci\u00f3n. \u00bfSabe cu\u00e1l es la \u00fanica pregunta que le cabe a usted? \u00bfQu\u00e9 est\u00e1 esperando para renunciar?\u201d.<\/p>\n","protected":false},"excerpt":{"rendered":"<p>El jefe de Gabinete,&nbsp;Manuel Adorni, rechaz\u00f3 la posibilidad de presentar la renuncia a su cargo y se\u00f1al\u00f3: \u201cPor el contrario estoy ac\u00e1 dando la cara\u201d. Ante el pedido de renuncia del diputado opositor&nbsp;Pablo Juliano&nbsp;de Provincias Unidas, Adorni ratific\u00f3 que continuar\u00e1 en su cargo como jefe de Gabinete de Ministros. \u201cRespecto a la pregunta acerca de [&hellip;]<\/p>\n","protected":false},"author":2,"featured_media":961,"comment_status":"open","ping_status":"open","sticky":false,"template":"","format":"standard","meta":{"footnotes":""},"categories":[6],"tags":[],"class_list":["post-960","post","type-post","status-publish","format-standard","has-post-thumbnail","hentry","category-nacionales"],"views":0,"_links":{"self":[{"href":"https:\/\/identidadfmcolon.com.ar\/index.php\/wp-json\/wp\/v2\/posts\/960","targetHints":{"allow":["GET"]}}],"collection":[{"href":"https:\/\/identidadfmcolon.com.ar\/index.php\/wp-json\/wp\/v2\/posts"}],"about":[{"href":"https:\/\/identidadfmcolon.com.ar\/index.php\/wp-json\/wp\/v2\/types\/post"}],"author":[{"embeddable":true,"href":"https:\/\/identidadfmcolon.com.ar\/index.php\/wp-json\/wp\/v2\/users\/2"}],"replies":[{"embeddable":true,"href":"https:\/\/identidadfmcolon.com.ar\/index.php\/wp-json\/wp\/v2\/comments?post=960"}],"version-history":[{"count":1,"href":"https:\/\/identidadfmcolon.com.ar\/index.php\/wp-json\/wp\/v2\/posts\/960\/revisions"}],"predecessor-version":[{"id":962,"href":"https:\/\/identidadfmcolon.com.ar\/index.php\/wp-json\/wp\/v2\/posts\/960\/revisions\/962"}],"wp:featuredmedia":[{"embeddable":true,"href":"https:\/\/identidadfmcolon.com.ar\/index.php\/wp-json\/wp\/v2\/media\/961"}],"wp:attachment":[{"href":"https:\/\/identidadfmcolon.com.ar\/index.php\/wp-json\/wp\/v2\/media?parent=960"}],"wp:term":[{"taxonomy":"category","embeddable":true,"href":"https:\/\/identidadfmcolon.com.ar\/index.php\/wp-json\/wp\/v2\/categories?post=960"},{"taxonomy":"post_tag","embeddable":true,"href":"https:\/\/identidadfmcolon.com.ar\/index.php\/wp-json\/wp\/v2\/tags?post=960"}],"curies":[{"name":"wp","href":"https:\/\/api.w.org\/{rel}","templated":true}]}}