{"id":963,"date":"2026-04-30T13:46:35","date_gmt":"2026-04-30T13:46:35","guid":{"rendered":"https:\/\/identidadfmcolon.com.ar\/?p=963"},"modified":"2026-04-30T13:46:37","modified_gmt":"2026-04-30T13:46:37","slug":"preocupacion-en-toda-la-region-ante-el-contexto-de-ajuste-en-salud-2","status":"publish","type":"post","link":"https:\/\/identidadfmcolon.com.ar\/index.php\/2026\/04\/30\/preocupacion-en-toda-la-region-ante-el-contexto-de-ajuste-en-salud-2\/","title":{"rendered":"PREOCUPACI\u00d3N EN TODA LA REGI\u00d3N ANTE EL CONTEXTO DE AJUSTE EN SALUD"},"content":{"rendered":"\n<p>Se realiz\u00f3 el pasado martes una nueva reuni\u00f3n del Consejo Regional de Salud (CORESA) con la participaci\u00f3n de autoridades sanitarias de la Regi\u00f3n Sanitaria IV y representantes de distintos distritos. La cita fue en el Polo Cultural de Col\u00f3n.<\/p>\n\n\n\n<p>El encuentro encabezado por el intendente Waldemar Giordano y la titular de la Regi\u00f3n Sanitaria IV Lorena Damiano, expuso una fuerte preocupaci\u00f3n por el ajuste en materia de salud impulsado por las medidas nacionales, que impacta de manera directa en el funcionamiento de los sistemas sanitarios locales. Entre ellas, la eliminaci\u00f3n del programa Remediar, que con 20 a\u00f1os de vigencia garantizaba el acceso a medicamentos esenciales en el Hospital Municipal y en las salitas sanitarias personas, y cuya ausencia complica a las arcas del municipio.<\/p>\n\n\n\n<p>Tambi\u00e9n las problem\u00e1ticas con las obras sociales es otro de los temas que se abordaron, las guardias m\u00e9dicas, la falta de anestesistas que condicionan la realizaci\u00f3n de cirug\u00edas en hospitales municipales, y la necesidad de promover la rotaci\u00f3n de profesionales entre distritos.<\/p>\n","protected":false},"excerpt":{"rendered":"<p>Se realiz\u00f3 el pasado martes una nueva reuni\u00f3n del Consejo Regional de Salud (CORESA) con la participaci\u00f3n de autoridades sanitarias de la Regi\u00f3n Sanitaria IV y representantes de distintos distritos. La cita fue en el Polo Cultural de Col\u00f3n. El encuentro encabezado por el intendente Waldemar Giordano y la titular de la Regi\u00f3n Sanitaria IV [&hellip;]<\/p>\n","protected":false},"author":2,"featured_media":964,"comment_status":"open","ping_status":"open","sticky":false,"template":"","format":"standard","meta":{"footnotes":""},"categories":[3],"tags":[],"class_list":["post-963","post","type-post","status-publish","format-standard","has-post-thumbnail","hentry","category-locales"],"views":0,"_links":{"self":[{"href":"https:\/\/identidadfmcolon.com.ar\/index.php\/wp-json\/wp\/v2\/posts\/963","targetHints":{"allow":["GET"]}}],"collection":[{"href":"https:\/\/identidadfmcolon.com.ar\/index.php\/wp-json\/wp\/v2\/posts"}],"about":[{"href":"https:\/\/identidadfmcolon.com.ar\/index.php\/wp-json\/wp\/v2\/types\/post"}],"author":[{"embeddable":true,"href":"https:\/\/identidadfmcolon.com.ar\/index.php\/wp-json\/wp\/v2\/users\/2"}],"replies":[{"embeddable":true,"href":"https:\/\/identidadfmcolon.com.ar\/index.php\/wp-json\/wp\/v2\/comments?post=963"}],"version-history":[{"count":1,"href":"https:\/\/identidadfmcolon.com.ar\/index.php\/wp-json\/wp\/v2\/posts\/963\/revisions"}],"predecessor-version":[{"id":965,"href":"https:\/\/identidadfmcolon.com.ar\/index.php\/wp-json\/wp\/v2\/posts\/963\/revisions\/965"}],"wp:featuredmedia":[{"embeddable":true,"href":"https:\/\/identidadfmcolon.com.ar\/index.php\/wp-json\/wp\/v2\/media\/964"}],"wp:attachment":[{"href":"https:\/\/identidadfmcolon.com.ar\/index.php\/wp-json\/wp\/v2\/media?parent=963"}],"wp:term":[{"taxonomy":"category","embeddable":true,"href":"https:\/\/identidadfmcolon.com.ar\/index.php\/wp-json\/wp\/v2\/categories?post=963"},{"taxonomy":"post_tag","embeddable":true,"href":"https:\/\/identidadfmcolon.com.ar\/index.php\/wp-json\/wp\/v2\/tags?post=963"}],"curies":[{"name":"wp","href":"https:\/\/api.w.org\/{rel}","templated":true}]}}