{"id":969,"date":"2026-04-30T13:53:26","date_gmt":"2026-04-30T13:53:26","guid":{"rendered":"https:\/\/identidadfmcolon.com.ar\/?p=969"},"modified":"2026-04-30T13:53:28","modified_gmt":"2026-04-30T13:53:28","slug":"giordano-reclamo-ante-nacion-por-fondos-alimentarios-no-hubo-voluntad-de-escuchar","status":"publish","type":"post","link":"https:\/\/identidadfmcolon.com.ar\/index.php\/2026\/04\/30\/giordano-reclamo-ante-nacion-por-fondos-alimentarios-no-hubo-voluntad-de-escuchar\/","title":{"rendered":"GIORDANO RECLAM\u00d3 ANTE NACI\u00d3N POR FONDOS ALIMENTARIOS: &#8220;NO HUBO VOLUNTAD DE ESCUCHAR&#8221;"},"content":{"rendered":"\n<p>En una jornada marcada por la tensi\u00f3n y la falta de di\u00e1logo institucional, el intendente de Col\u00f3n, Waldemar Giordano, particip\u00f3 este pasado mi\u00e9rcoles de la movilizaci\u00f3n de jefes comunales bonaerenses hacia el Ministerio de Capital Humano. La protesta, que buscaba denunciar el recorte de fondos nacionales para comedores escolares, se encontr\u00f3 con las puertas cerradas de la sede oficial.<\/p>\n\n\n\n<p>Los intendentes peronistas, acompa\u00f1ados por el ministro de Desarrollo de la Comunidad provincial, Andr\u00e9s \u201cCuervo\u201d Larroque, intentaron entregar un documento dirigido a la ministra Sandra Pettovello. En el texto se reclama la regularizaci\u00f3n de las partidas adeudadas del programa de Servicio Alimentario Escolar (SAE), esenciales para garantizar la comida de miles de estudiantes.<\/p>\n\n\n\n<p>&#8220;Vinimos a reclamar por el recorte de alimentos que est\u00e1 sufriendo Col\u00f3n. Meterse con la comida de cada escuela es algo realmente grave. Estamos hablando de algo b\u00e1sico, de lo que necesitan los estudiantes todos los d\u00edas&#8221;, manifest\u00f3 Giordano.<\/p>\n\n\n\n<p>El jefe comunal subray\u00f3 la falta de apertura por parte de la gesti\u00f3n<\/p>\n\n\n\n<p>nacional: &#8220;No fuimos recibidos. No hubo respuesta ni voluntad de escuchar un planteo que es urgente&#8221;. Asimismo, asegur\u00f3 que la gesti\u00f3n municipal no cesar\u00e1 en su reclamo, ya que &#8220;no se puede mirar para otro lado cuando est\u00e1 en juego la alimentaci\u00f3n de las familias&#8221;.<\/p>\n","protected":false},"excerpt":{"rendered":"<p>En una jornada marcada por la tensi\u00f3n y la falta de di\u00e1logo institucional, el intendente de Col\u00f3n, Waldemar Giordano, particip\u00f3 este pasado mi\u00e9rcoles de la movilizaci\u00f3n de jefes comunales bonaerenses hacia el Ministerio de Capital Humano. La protesta, que buscaba denunciar el recorte de fondos nacionales para comedores escolares, se encontr\u00f3 con las puertas cerradas [&hellip;]<\/p>\n","protected":false},"author":2,"featured_media":970,"comment_status":"open","ping_status":"open","sticky":false,"template":"","format":"standard","meta":{"footnotes":""},"categories":[3],"tags":[],"class_list":["post-969","post","type-post","status-publish","format-standard","has-post-thumbnail","hentry","category-locales"],"views":0,"_links":{"self":[{"href":"https:\/\/identidadfmcolon.com.ar\/index.php\/wp-json\/wp\/v2\/posts\/969","targetHints":{"allow":["GET"]}}],"collection":[{"href":"https:\/\/identidadfmcolon.com.ar\/index.php\/wp-json\/wp\/v2\/posts"}],"about":[{"href":"https:\/\/identidadfmcolon.com.ar\/index.php\/wp-json\/wp\/v2\/types\/post"}],"author":[{"embeddable":true,"href":"https:\/\/identidadfmcolon.com.ar\/index.php\/wp-json\/wp\/v2\/users\/2"}],"replies":[{"embeddable":true,"href":"https:\/\/identidadfmcolon.com.ar\/index.php\/wp-json\/wp\/v2\/comments?post=969"}],"version-history":[{"count":1,"href":"https:\/\/identidadfmcolon.com.ar\/index.php\/wp-json\/wp\/v2\/posts\/969\/revisions"}],"predecessor-version":[{"id":971,"href":"https:\/\/identidadfmcolon.com.ar\/index.php\/wp-json\/wp\/v2\/posts\/969\/revisions\/971"}],"wp:featuredmedia":[{"embeddable":true,"href":"https:\/\/identidadfmcolon.com.ar\/index.php\/wp-json\/wp\/v2\/media\/970"}],"wp:attachment":[{"href":"https:\/\/identidadfmcolon.com.ar\/index.php\/wp-json\/wp\/v2\/media?parent=969"}],"wp:term":[{"taxonomy":"category","embeddable":true,"href":"https:\/\/identidadfmcolon.com.ar\/index.php\/wp-json\/wp\/v2\/categories?post=969"},{"taxonomy":"post_tag","embeddable":true,"href":"https:\/\/identidadfmcolon.com.ar\/index.php\/wp-json\/wp\/v2\/tags?post=969"}],"curies":[{"name":"wp","href":"https:\/\/api.w.org\/{rel}","templated":true}]}}