{"id":972,"date":"2026-04-30T13:55:16","date_gmt":"2026-04-30T13:55:16","guid":{"rendered":"https:\/\/identidadfmcolon.com.ar\/?p=972"},"modified":"2026-04-30T15:26:51","modified_gmt":"2026-04-30T15:26:51","slug":"canotaje-campeonato-argentino","status":"publish","type":"post","link":"https:\/\/identidadfmcolon.com.ar\/index.php\/2026\/04\/30\/canotaje-campeonato-argentino\/","title":{"rendered":"CANOTAJE- CAMPEONATO ARGENTINO"},"content":{"rendered":"\n<p>El canotaje argentino vive un fin de semana decisivo en Col\u00f3n<\/p>\n\n\n\n<p>Desde hoy 30 de abril al 3 de mayo, el Lago Municipal de Col\u00f3n ser\u00e1 sede del Campeonato Argentino de Medio Fondo y el 2\u00b0 Selectivo Nacional de Velocidad de canotaje, con la participaci\u00f3n de 280 deportistas de todo el pa\u00eds.<\/p>\n\n\n\n<p>La sumatoria de puntos entre ambos selectivos ser\u00e1 clave para definir a quienes representar\u00e1n a la Argentina en los pr\u00f3ximos eventos internacionales.<\/p>\n\n\n\n<p>Cuatro d\u00edas de competencia, talento y pasi\u00f3n en el agua.<\/p>\n","protected":false},"excerpt":{"rendered":"<p>El canotaje argentino vive un fin de semana decisivo en Col\u00f3n Desde hoy 30 de abril al 3 de mayo, el Lago Municipal de Col\u00f3n ser\u00e1 sede del Campeonato Argentino de Medio Fondo y el 2\u00b0 Selectivo Nacional de Velocidad de canotaje, con la participaci\u00f3n de 280 deportistas de todo el pa\u00eds. La sumatoria de [&hellip;]<\/p>\n","protected":false},"author":2,"featured_media":973,"comment_status":"open","ping_status":"open","sticky":false,"template":"","format":"standard","meta":{"footnotes":""},"categories":[4],"tags":[],"class_list":["post-972","post","type-post","status-publish","format-standard","has-post-thumbnail","hentry","category-iddeportiva"],"views":0,"_links":{"self":[{"href":"https:\/\/identidadfmcolon.com.ar\/index.php\/wp-json\/wp\/v2\/posts\/972","targetHints":{"allow":["GET"]}}],"collection":[{"href":"https:\/\/identidadfmcolon.com.ar\/index.php\/wp-json\/wp\/v2\/posts"}],"about":[{"href":"https:\/\/identidadfmcolon.com.ar\/index.php\/wp-json\/wp\/v2\/types\/post"}],"author":[{"embeddable":true,"href":"https:\/\/identidadfmcolon.com.ar\/index.php\/wp-json\/wp\/v2\/users\/2"}],"replies":[{"embeddable":true,"href":"https:\/\/identidadfmcolon.com.ar\/index.php\/wp-json\/wp\/v2\/comments?post=972"}],"version-history":[{"count":1,"href":"https:\/\/identidadfmcolon.com.ar\/index.php\/wp-json\/wp\/v2\/posts\/972\/revisions"}],"predecessor-version":[{"id":974,"href":"https:\/\/identidadfmcolon.com.ar\/index.php\/wp-json\/wp\/v2\/posts\/972\/revisions\/974"}],"wp:featuredmedia":[{"embeddable":true,"href":"https:\/\/identidadfmcolon.com.ar\/index.php\/wp-json\/wp\/v2\/media\/973"}],"wp:attachment":[{"href":"https:\/\/identidadfmcolon.com.ar\/index.php\/wp-json\/wp\/v2\/media?parent=972"}],"wp:term":[{"taxonomy":"category","embeddable":true,"href":"https:\/\/identidadfmcolon.com.ar\/index.php\/wp-json\/wp\/v2\/categories?post=972"},{"taxonomy":"post_tag","embeddable":true,"href":"https:\/\/identidadfmcolon.com.ar\/index.php\/wp-json\/wp\/v2\/tags?post=972"}],"curies":[{"name":"wp","href":"https:\/\/api.w.org\/{rel}","templated":true}]}}