{"id":975,"date":"2026-04-30T14:06:52","date_gmt":"2026-04-30T14:06:52","guid":{"rendered":"https:\/\/identidadfmcolon.com.ar\/?p=975"},"modified":"2026-04-30T14:06:54","modified_gmt":"2026-04-30T14:06:54","slug":"aumento-de-combustibles-en-mayo-de-cuanto-es-la-suba-por-impuestos-que-dispuso-el-gobierno","status":"publish","type":"post","link":"https:\/\/identidadfmcolon.com.ar\/index.php\/2026\/04\/30\/aumento-de-combustibles-en-mayo-de-cuanto-es-la-suba-por-impuestos-que-dispuso-el-gobierno\/","title":{"rendered":"AUMENTO DE COMBUSTIBLES EN MAYO: DE CU\u00c1NTO ES LA SUBA POR IMPUESTOS QUE DISPUSO EL GOBIERNO"},"content":{"rendered":"\n<p><strong>Mediante el Decreto 302\/2026, el Ejecutivo estableci\u00f3 un incremento escalonado en los impuestos a los combustibles. El objetivo es atenuar el impacto en la inflaci\u00f3n frente a la presi\u00f3n internacional sobre los precios energ\u00e9ticos.<\/strong><\/p>\n\n\n\n<hr class=\"wp-block-separator has-alpha-channel-opacity\"\/>\n\n\n\n<p>El Gobierno Nacional dispuso una <strong>actualizaci\u00f3n parcial del 0,5%<\/strong> en los impuestos a los combustibles para el mes de mayo, mientras que decidi\u00f3 <strong>postergar para junio<\/strong> el resto del ajuste pendiente. La medida fue oficializada este jueves a trav\u00e9s del <strong>Decreto 302\/2026<\/strong> en el Bolet\u00edn Oficial y abarca los hechos imponibles que se perfeccionen entre el 1\u00b0 y el 31 de mayo de 2026.<\/p>\n\n\n\n<p>De acuerdo con el texto oficial, el prop\u00f3sito de este desdoblamiento es <em>&#8220;continuar estimulando el crecimiento de la econom\u00eda a trav\u00e9s de un sendero fiscal sostenible&#8221;<\/em>, evitando un impacto brusco en los precios al consumidor final.<\/p>\n","protected":false},"excerpt":{"rendered":"<p>Mediante el Decreto 302\/2026, el Ejecutivo estableci\u00f3 un incremento escalonado en los impuestos a los combustibles. El objetivo es atenuar el impacto en la inflaci\u00f3n frente a la presi\u00f3n internacional sobre los precios energ\u00e9ticos. El Gobierno Nacional dispuso una actualizaci\u00f3n parcial del 0,5% en los impuestos a los combustibles para el mes de mayo, mientras [&hellip;]<\/p>\n","protected":false},"author":2,"featured_media":976,"comment_status":"open","ping_status":"open","sticky":false,"template":"","format":"standard","meta":{"footnotes":""},"categories":[6],"tags":[],"class_list":["post-975","post","type-post","status-publish","format-standard","has-post-thumbnail","hentry","category-nacionales"],"views":0,"_links":{"self":[{"href":"https:\/\/identidadfmcolon.com.ar\/index.php\/wp-json\/wp\/v2\/posts\/975","targetHints":{"allow":["GET"]}}],"collection":[{"href":"https:\/\/identidadfmcolon.com.ar\/index.php\/wp-json\/wp\/v2\/posts"}],"about":[{"href":"https:\/\/identidadfmcolon.com.ar\/index.php\/wp-json\/wp\/v2\/types\/post"}],"author":[{"embeddable":true,"href":"https:\/\/identidadfmcolon.com.ar\/index.php\/wp-json\/wp\/v2\/users\/2"}],"replies":[{"embeddable":true,"href":"https:\/\/identidadfmcolon.com.ar\/index.php\/wp-json\/wp\/v2\/comments?post=975"}],"version-history":[{"count":1,"href":"https:\/\/identidadfmcolon.com.ar\/index.php\/wp-json\/wp\/v2\/posts\/975\/revisions"}],"predecessor-version":[{"id":977,"href":"https:\/\/identidadfmcolon.com.ar\/index.php\/wp-json\/wp\/v2\/posts\/975\/revisions\/977"}],"wp:featuredmedia":[{"embeddable":true,"href":"https:\/\/identidadfmcolon.com.ar\/index.php\/wp-json\/wp\/v2\/media\/976"}],"wp:attachment":[{"href":"https:\/\/identidadfmcolon.com.ar\/index.php\/wp-json\/wp\/v2\/media?parent=975"}],"wp:term":[{"taxonomy":"category","embeddable":true,"href":"https:\/\/identidadfmcolon.com.ar\/index.php\/wp-json\/wp\/v2\/categories?post=975"},{"taxonomy":"post_tag","embeddable":true,"href":"https:\/\/identidadfmcolon.com.ar\/index.php\/wp-json\/wp\/v2\/tags?post=975"}],"curies":[{"name":"wp","href":"https:\/\/api.w.org\/{rel}","templated":true}]}}