{"id":978,"date":"2026-04-30T15:23:53","date_gmt":"2026-04-30T15:23:53","guid":{"rendered":"https:\/\/identidadfmcolon.com.ar\/?p=978"},"modified":"2026-04-30T15:25:37","modified_gmt":"2026-04-30T15:25:37","slug":"este-jueves-se-cumplio-una-semana-sin-prensa-acreditada-en-la-casa-rosada","status":"publish","type":"post","link":"https:\/\/identidadfmcolon.com.ar\/index.php\/2026\/04\/30\/este-jueves-se-cumplio-una-semana-sin-prensa-acreditada-en-la-casa-rosada\/","title":{"rendered":"ESTE JUEVES SE CUMPLI\u00d3 UNA SEMANA SIN PRENSA ACREDITADA EN LA CASA ROSADA"},"content":{"rendered":"\n<h1 class=\"wp-block-heading\">Milei intensifica sus cr\u00edticas contra la prensa: tild\u00f3 a los periodistas de &#8220;corruptos&#8221; y &#8220;chorros&#8221;<\/h1>\n\n\n\n<p><strong>El conflicto entre el Gobierno y los medios de comunicaci\u00f3n no da tregua. Mientras se mantiene la restricci\u00f3n de acceso a la Casa Rosada, el Presidente defendi\u00f3 sus ataques en redes y en actos p\u00fablicos, generando debate al interior de su propio Gabinete.<\/strong><\/p>\n\n\n\n<hr class=\"wp-block-separator has-alpha-channel-opacity\"\/>\n\n\n\n<p>La tensi\u00f3n entre el presidente Javier Milei y los medios de comunicaci\u00f3n escal\u00f3 en los \u00faltimos d\u00edas, marcando una semana de alta confrontaci\u00f3n. La medida m\u00e1s reciente, que cumple una semana de vigencia, fue la orden de <strong>impedir el acceso de la prensa acreditada a la Casa Rosada<\/strong>.<\/p>\n\n\n\n<p>Fuentes del entorno del secretario de Prensa, Javier Lanari, confirmaron que, por el momento, no hay novedades sobre una pronta resoluci\u00f3n o marcha atr\u00e1s con la restricci\u00f3n.<\/p>\n\n\n\n<h2 class=\"wp-block-heading\">Los dichos del Presidente en el Congreso y en la ExpoEFI<\/h2>\n\n\n\n<p>El mandatario apunt\u00f3 duramente contra los profesionales de la prensa que cubr\u00edan la gesti\u00f3n del jefe de Gabinete, Manuel Adorni, quien enfrenta una investigaci\u00f3n por presunto enriquecimiento il\u00edcito. Al respecto, Milei vocifer\u00f3 por los pasillos del Congreso Nacional:<\/p>\n\n\n\n<blockquote class=\"wp-block-quote is-layout-flow wp-block-quote-is-layout-flow\">\n<p><em>&#8220;El caso est\u00e1 cerrado, chorros, corruptos.&#8221;<\/em><\/p>\n<\/blockquote>\n\n\n\n<p>Asimismo, durante el cierre de la <strong>ExpoEFI<\/strong> en el Centro de Convenciones, el jefe de Estado defendi\u00f3 su postura frente a las cr\u00edticas de los medios:<\/p>\n\n\n\n<ul class=\"wp-block-list\">\n<li><em>&#8220;Han dicho de todo sobre m\u00ed. Me han acusado de incestuoso, zoof\u00edlico, y ped\u00f3filo. Creo que tengo derecho de defenderme&#8221;<\/em>, argument\u00f3.<\/li>\n\n\n\n<li><em>&#8220;Los periodistas pueden pegar, pero tambi\u00e9n se puede responder. Eso no afecta a la libertad de expresi\u00f3n&#8221;<\/em>, sostuvo, tildando de &#8220;llorones&#8221; a quienes se\u00f1alan asimetr\u00eda en el poder.<\/li>\n<\/ul>\n\n\n\n<h3 class=\"wp-block-heading\">El mensaje en redes sociales<\/h3>\n\n\n\n<p>En sinton\u00eda con sus discursos, Milei utiliz\u00f3 su cuenta en la red social X (antes Twitter) para redoblar la apuesta este jueves por la ma\u00f1ana:<\/p>\n\n\n\n<blockquote class=\"wp-block-quote is-layout-flow wp-block-quote-is-layout-flow\">\n<p><em>&#8220;NOL$ALP. Desenmascarando el accionar de las basuras inmundas (95%) que llevan el r\u00f3tulo de &#8216;periodistas&#8217;. La falta de pauta los tiene tan locos que hoy no exhiben diferencia alguna en visi\u00f3n. VIVA LA LIBERTAD CARAJO&#8230;!!!&#8221;<\/em>.<\/p>\n<\/blockquote>\n\n\n\n<hr class=\"wp-block-separator has-alpha-channel-opacity\"\/>\n\n\n\n<h2 class=\"wp-block-heading\">Preocupaci\u00f3n al interior del Gabinete<\/h2>\n\n\n\n<p>A pesar de los intentos de algunos funcionarios por desescalar el conflicto \u2014intentando convencer al mandatario de que ceda en su postura\u2014, la temperatura no deja de subir.<\/p>\n\n\n\n<p>Al interior del Gobierno, algunos sectores detectan que esta cruzada contra los medios podr\u00eda complicar a la administraci\u00f3n libertaria de cara al futuro, especialmente en un contexto donde el Presidente ha declarado que no encuentra una fuerte oposici\u00f3n pol\u00edtica.<\/p>\n\n\n\n<p><\/p>\n","protected":false},"excerpt":{"rendered":"<p>Milei intensifica sus cr\u00edticas contra la prensa: tild\u00f3 a los periodistas de &#8220;corruptos&#8221; y &#8220;chorros&#8221; El conflicto entre el Gobierno y los medios de comunicaci\u00f3n no da tregua. Mientras se mantiene la restricci\u00f3n de acceso a la Casa Rosada, el Presidente defendi\u00f3 sus ataques en redes y en actos p\u00fablicos, generando debate al interior de [&hellip;]<\/p>\n","protected":false},"author":2,"featured_media":979,"comment_status":"open","ping_status":"open","sticky":false,"template":"","format":"standard","meta":{"footnotes":""},"categories":[6],"tags":[],"class_list":["post-978","post","type-post","status-publish","format-standard","has-post-thumbnail","hentry","category-nacionales"],"views":4,"_links":{"self":[{"href":"https:\/\/identidadfmcolon.com.ar\/index.php\/wp-json\/wp\/v2\/posts\/978","targetHints":{"allow":["GET"]}}],"collection":[{"href":"https:\/\/identidadfmcolon.com.ar\/index.php\/wp-json\/wp\/v2\/posts"}],"about":[{"href":"https:\/\/identidadfmcolon.com.ar\/index.php\/wp-json\/wp\/v2\/types\/post"}],"author":[{"embeddable":true,"href":"https:\/\/identidadfmcolon.com.ar\/index.php\/wp-json\/wp\/v2\/users\/2"}],"replies":[{"embeddable":true,"href":"https:\/\/identidadfmcolon.com.ar\/index.php\/wp-json\/wp\/v2\/comments?post=978"}],"version-history":[{"count":2,"href":"https:\/\/identidadfmcolon.com.ar\/index.php\/wp-json\/wp\/v2\/posts\/978\/revisions"}],"predecessor-version":[{"id":981,"href":"https:\/\/identidadfmcolon.com.ar\/index.php\/wp-json\/wp\/v2\/posts\/978\/revisions\/981"}],"wp:featuredmedia":[{"embeddable":true,"href":"https:\/\/identidadfmcolon.com.ar\/index.php\/wp-json\/wp\/v2\/media\/979"}],"wp:attachment":[{"href":"https:\/\/identidadfmcolon.com.ar\/index.php\/wp-json\/wp\/v2\/media?parent=978"}],"wp:term":[{"taxonomy":"category","embeddable":true,"href":"https:\/\/identidadfmcolon.com.ar\/index.php\/wp-json\/wp\/v2\/categories?post=978"},{"taxonomy":"post_tag","embeddable":true,"href":"https:\/\/identidadfmcolon.com.ar\/index.php\/wp-json\/wp\/v2\/tags?post=978"}],"curies":[{"name":"wp","href":"https:\/\/api.w.org\/{rel}","templated":true}]}}